




{"id":3495,"date":"2022-03-24T13:08:15","date_gmt":"2022-03-24T13:08:15","guid":{"rendered":"https:\/\/localbiodiversityoutlooks.net\/les-bergers-traditionnels-sont-neces-saires-pour-proteger-la-diversite-biologique-des-prairies-riches-en-especes-deurope-centrale\/"},"modified":"2022-03-24T14:49:14","modified_gmt":"2022-03-24T14:49:14","slug":"les-bergers-traditionnels-sont-neces-saires-pour-proteger-la-diversite-biologique-des-prairies-riches-en-especes-deurope-centrale","status":"publish","type":"post","link":"https:\/\/localbiodiversityoutlooks.net\/fr\/les-bergers-traditionnels-sont-neces-saires-pour-proteger-la-diversite-biologique-des-prairies-riches-en-especes-deurope-centrale\/","title":{"rendered":"Les bergers traditionnels sont n\u00e9ces- saires pour prot\u00e9ger la diversit\u00e9 biologique des prairies riches en esp\u00e8ces d\u2019Europe centrale"},"content":{"rendered":"[vc_row type=\u00a0\u00bbfull_width_background\u00a0\u00bb full_screen_row_position=\u00a0\u00bbmiddle\u00a0\u00bb column_margin=\u00a0\u00bbdefault\u00a0\u00bb column_direction=\u00a0\u00bbdefault\u00a0\u00bb column_direction_tablet=\u00a0\u00bbcolumn_reverse\u00a0\u00bb column_direction_phone=\u00a0\u00bbcolumn_reverse\u00a0\u00bb scene_position=\u00a0\u00bbcenter\u00a0\u00bb top_padding=\u00a0\u00bb0&Prime; bottom_padding=\u00a0\u00bb12px\u00a0\u00bb top_padding_tablet=\u00a0\u00bb0&Prime; bottom_padding_tablet=\u00a0\u00bb12px\u00a0\u00bb top_padding_phone=\u00a0\u00bb0&Prime; bottom_padding_phone=\u00a0\u00bb12px\u00a0\u00bb text_color=\u00a0\u00bbdark\u00a0\u00bb text_align=\u00a0\u00bbleft\u00a0\u00bb row_border_radius=\u00a0\u00bbnone\u00a0\u00bb row_border_radius_applies=\u00a0\u00bbbg\u00a0\u00bb overlay_strength=\u00a0\u00bb0.3&Prime; gradient_direction=\u00a0\u00bbleft_to_right\u00a0\u00bb shape_divider_position=\u00a0\u00bbbottom\u00a0\u00bb bg_image_animation=\u00a0\u00bbnone\u00a0\u00bb shape_type=\u00a0\u00bb\u00a0\u00bb][vc_column column_padding=\u00a0\u00bbno-extra-padding\u00a0\u00bb column_padding_tablet=\u00a0\u00bbinherit\u00a0\u00bb column_padding_phone=\u00a0\u00bbinherit\u00a0\u00bb column_padding_position=\u00a0\u00bball\u00a0\u00bb column_element_spacing=\u00a0\u00bbdefault\u00a0\u00bb background_color_opacity=\u00a0\u00bb1&Prime; background_hover_color_opacity=\u00a0\u00bb1&Prime; column_shadow=\u00a0\u00bbnone\u00a0\u00bb column_border_radius=\u00a0\u00bbnone\u00a0\u00bb column_link_target=\u00a0\u00bb_self\u00a0\u00bb gradient_direction=\u00a0\u00bbleft_to_right\u00a0\u00bb overlay_strength=\u00a0\u00bb0.3&Prime; width=\u00a0\u00bb1\/2&Prime; tablet_width_inherit=\u00a0\u00bbdefault\u00a0\u00bb tablet_text_alignment=\u00a0\u00bbdefault\u00a0\u00bb phone_text_alignment=\u00a0\u00bbdefault\u00a0\u00bb bg_image_animation=\u00a0\u00bbnone\u00a0\u00bb border_type=\u00a0\u00bbsimple\u00a0\u00bb column_border_width=\u00a0\u00bbnone\u00a0\u00bb column_border_style=\u00a0\u00bbsolid\u00a0\u00bb][vc_column_text]\n<h3>Les gens ne voient pas que nous les bergers travaillons pour la nature : nous g\u00e9rons ses p\u00e2turages, nous g\u00e9rons les mauvaises herbes, les buissons et les roseaux. Les gens pensent que toute cette diversit\u00e9 vient uniquement de la nature ; ils pensent que ces prairies survivraient sans les p\u00e2turages. Si les bergers disparaissent, la viande savoureuse dispara\u00eetra \u00e9galement.<\/h3>\n[\/vc_column_text][vc_column_text]Les animaux sauvages ont d\u00e9sormais de moins en mois d\u2019espace pour vivre, parce que des personnes p\u00e9n\u00e8trent et s\u2019introduisent sans cesse dans leurs habitats. Par le pass\u00e9, il y avait plus de scarab\u00e9es parce qu\u2019il y avait plus de bouses de vache avec des bousiers dont se nourrissaient les oiseaux. Maintenant que les p\u00e2turages ont \u00e9t\u00e9 abandonn\u00e9s dans de nombreuses zones, la zone est devenue sauvage. Les prairies sont sales, pleines de d\u00e9chets, de buissons et d\u2019esp\u00e8ces envahissantes. De nombreuses zones naturelles (y compris des aires gouvernementales prot\u00e9g\u00e9es) souffrent de la gestion inad\u00e9quate ou de l\u2019abandon des p\u00e2turages.<\/p>\n<p>Toutefois, les choses s\u2019am\u00e9liorent dans notre pays. Il y a 20 ans, les gardes charg\u00e9s de la conservation ne nous parlaient pas. Ils nous critiquaient sans rien nous demander. Maintenant ils ont arr\u00eat\u00e9, et nous pouvons parler de gestion des p\u00e2turages et des prairies. Nous sommes d\u2019accord sur 90 % des questions, donc nous parvenons \u00e0 trouver de bonnes solutions. Par exemple, nous avons redonn\u00e9 vie \u00e0 une ancienne pratique de gestion des pr\u00e9s : nous utilisons les pr\u00e9s pour faire pa\u00eetre les animaux au d\u00e9but du printemps, pour pouvoir faire les foins plus tard, lorsque la r\u00e8glementation de l\u2019Union europ\u00e9enne nous le permet. Cela est bon \u00e9galement pour les oiseaux qui nichent au sol.<\/p>\n<p>Nous devons reconna\u00eetre les connaissances de l\u2019autre. Nous devons apprendre les uns des autres. De nombreux acteurs de la conservation disent que nos troupeaux traditionnels sont essentiels dans les aires prot\u00e9g\u00e9es, parce qu\u2019il y a des mill\u00e9naires, il y avait des chevaux sauvages, du b\u00e9tail sauvage et des bisons, et ces habitats ont besoin des p\u00e2turages pour pr\u00e9server leur diversit\u00e9 biologique. D\u2019autres voient uniquement les zones surexploit\u00e9es par les p\u00e2turages g\u00e9r\u00e9s par des \u00ab bergers \u00bb dont les connaissances sont moindres.<\/p>\n<p>Bien faire pa\u00eetre les animaux exige des bergers arm\u00e9s de solides connaissances. Sinon le b\u00e9tail ne mange que les bonnes herbes. De nombreuses r\u00e9gions ont encore leur berger qui conna\u00eet la zone et sait o\u00f9 et quand les animaux peuvent pa\u00eetre. Les moutons et les bovins ont tendance \u00e0 pa\u00eetre uniquement sur certaines parties des p\u00e2turages. Mais si les prairies ne sont pas utilis\u00e9es comme p\u00e2turages, elles seront envahies par les mauvaises herbes.<\/p>\n<p>Sans b\u00e9tail, les p\u00e2turages seraient d\u00e9truits et deviendraient sauvages. Sans b\u00e9tail, les p\u00e2turages seraient d\u00e9truits et deviendraient sauvages. Les buissons \u00e9pineux et les chardons se propageraient, et devraient \u00eatre coup\u00e9s par les acteurs de la conservation \u00e0 l\u2019aide de machines co\u00fbteuses gourmandes en carburant.<\/p>\n<p>Les bergers peuvent contribuer \u00e0 restaurer ces p\u00e2turages abandonn\u00e9s. Lorsque les animaux y paissent, les p\u00e2turages deviennent plus propres, ils sont renouvel\u00e9s. Plus d\u2019oiseaux s\u2019y rendent. La faune a un cycle, qui n\u00e9cessite le b\u00e9tail. Beaucoup ne consid\u00e8rent pas les connaissances des bergers comme de vraies connaissances. Nous n\u2019avons pas appris des livres, nous avons h\u00e9rit\u00e9 ces connaissances, nous sommes n\u00e9s dedans. Si les gens nous respectaient un peu plus, cela signifierait beaucoup.[\/vc_column_text][\/vc_column][vc_column column_padding=\u00a0\u00bbno-extra-padding\u00a0\u00bb column_padding_tablet=\u00a0\u00bbinherit\u00a0\u00bb column_padding_phone=\u00a0\u00bbinherit\u00a0\u00bb column_padding_position=\u00a0\u00bball\u00a0\u00bb column_element_spacing=\u00a0\u00bbdefault\u00a0\u00bb background_color_opacity=\u00a0\u00bb1&Prime; background_hover_color_opacity=\u00a0\u00bb1&Prime; column_shadow=\u00a0\u00bbnone\u00a0\u00bb column_border_radius=\u00a0\u00bbnone\u00a0\u00bb column_link_target=\u00a0\u00bb_self\u00a0\u00bb gradient_direction=\u00a0\u00bbleft_to_right\u00a0\u00bb overlay_strength=\u00a0\u00bb0.3&Prime; width=\u00a0\u00bb1\/4&Prime; tablet_width_inherit=\u00a0\u00bbdefault\u00a0\u00bb tablet_text_alignment=\u00a0\u00bbdefault\u00a0\u00bb phone_text_alignment=\u00a0\u00bbdefault\u00a0\u00bb bg_image_animation=\u00a0\u00bbnone\u00a0\u00bb border_type=\u00a0\u00bbsimple\u00a0\u00bb column_border_width=\u00a0\u00bbnone\u00a0\u00bb column_border_style=\u00a0\u00bbsolid\u00a0\u00bb][\/vc_column][vc_column column_padding=\u00a0\u00bbno-extra-padding\u00a0\u00bb column_padding_tablet=\u00a0\u00bbinherit\u00a0\u00bb column_padding_phone=\u00a0\u00bbinherit\u00a0\u00bb column_padding_position=\u00a0\u00bball\u00a0\u00bb top_margin=\u00a0\u00bb-70&Prime; top_margin_tablet=\u00a0\u00bb-70&Prime; top_margin_phone=\u00a0\u00bb-70&Prime; column_element_spacing=\u00a0\u00bbdefault\u00a0\u00bb background_color_opacity=\u00a0\u00bb1&Prime; background_hover_color_opacity=\u00a0\u00bb1&Prime; column_shadow=\u00a0\u00bbnone\u00a0\u00bb column_border_radius=\u00a0\u00bbnone\u00a0\u00bb column_link_target=\u00a0\u00bb_self\u00a0\u00bb gradient_direction=\u00a0\u00bbleft_to_right\u00a0\u00bb overlay_strength=\u00a0\u00bb0.3&Prime; width=\u00a0\u00bb1\/4&Prime; tablet_width_inherit=\u00a0\u00bbdefault\u00a0\u00bb tablet_text_alignment=\u00a0\u00bbdefault\u00a0\u00bb phone_text_alignment=\u00a0\u00bbdefault\u00a0\u00bb bg_image_animation=\u00a0\u00bbnone\u00a0\u00bb border_type=\u00a0\u00bbsimple\u00a0\u00bb column_border_width=\u00a0\u00bbnone\u00a0\u00bb column_border_style=\u00a0\u00bbsolid\u00a0\u00bb][vc_row_inner column_margin=\u00a0\u00bbnone\u00a0\u00bb column_direction=\u00a0\u00bbdefault\u00a0\u00bb column_direction_tablet=\u00a0\u00bbdefault\u00a0\u00bb column_direction_phone=\u00a0\u00bbdefault\u00a0\u00bb text_align=\u00a0\u00bbleft\u00a0\u00bb css=\u00a0\u00bb.vc_custom_1642070653817{margin-bottom: 0px !important;margin-left: 0px !important;border-left-width: 1px !important;padding-top: 30px !important;padding-bottom: 0px !important;padding-left: 12px !important;border-left-color: #000000 !important;border-left-style: solid !important;}\u00a0\u00bb][vc_column_inner column_padding=\u00a0\u00bbno-extra-padding\u00a0\u00bb column_padding_tablet=\u00a0\u00bbinherit\u00a0\u00bb column_padding_phone=\u00a0\u00bbinherit\u00a0\u00bb column_padding_position=\u00a0\u00bball\u00a0\u00bb column_element_spacing=\u00a0\u00bbdefault\u00a0\u00bb background_color_opacity=\u00a0\u00bb1&Prime; background_hover_color_opacity=\u00a0\u00bb1&Prime; column_shadow=\u00a0\u00bbnone\u00a0\u00bb column_border_radius=\u00a0\u00bbnone\u00a0\u00bb column_link_target=\u00a0\u00bb_self\u00a0\u00bb gradient_direction=\u00a0\u00bbleft_to_right\u00a0\u00bb overlay_strength=\u00a0\u00bb0.3&Prime; width=\u00a0\u00bb1\/1&Prime; tablet_width_inherit=\u00a0\u00bbdefault\u00a0\u00bb bg_image_animation=\u00a0\u00bbnone\u00a0\u00bb border_type=\u00a0\u00bbsimple\u00a0\u00bb column_border_width=\u00a0\u00bbnone\u00a0\u00bb column_border_style=\u00a0\u00bbsolid\u00a0\u00bb][image_with_animation image_url=\u00a0\u00bb2152&Prime; animation=\u00a0\u00bbNone\u00a0\u00bb hover_animation=\u00a0\u00bbnone\u00a0\u00bb alignment=\u00a0\u00bb\u00a0\u00bb border_radius=\u00a0\u00bbnone\u00a0\u00bb box_shadow=\u00a0\u00bbnone\u00a0\u00bb image_loading=\u00a0\u00bbdefault\u00a0\u00bb max_width=\u00a0\u00bb100%\u00a0\u00bb max_width_mobile=\u00a0\u00bbdefault\u00a0\u00bb margin_left=\u00a0\u00bb-17px\u00a0\u00bb margin_left_tablet=\u00a0\u00bb-17px\u00a0\u00bb margin_left_phone=\u00a0\u00bb-17px\u00a0\u00bb][\/vc_column_inner][\/vc_row_inner][vc_row_inner column_margin=\u00a0\u00bbdefault\u00a0\u00bb column_direction=\u00a0\u00bbdefault\u00a0\u00bb column_direction_tablet=\u00a0\u00bbdefault\u00a0\u00bb column_direction_phone=\u00a0\u00bbdefault\u00a0\u00bb text_align=\u00a0\u00bbleft\u00a0\u00bb css=\u00a0\u00bb.vc_custom_1642010418035{padding-top: 4px !important;padding-bottom: 30px !important;padding-left: 24px !important;}\u00a0\u00bb][vc_column_inner column_padding=\u00a0\u00bbno-extra-padding\u00a0\u00bb column_padding_tablet=\u00a0\u00bbinherit\u00a0\u00bb column_padding_phone=\u00a0\u00bbinherit\u00a0\u00bb column_padding_position=\u00a0\u00bball\u00a0\u00bb column_element_spacing=\u00a0\u00bbdefault\u00a0\u00bb background_color_opacity=\u00a0\u00bb1&Prime; background_hover_color_opacity=\u00a0\u00bb1&Prime; column_shadow=\u00a0\u00bbnone\u00a0\u00bb column_border_radius=\u00a0\u00bbnone\u00a0\u00bb column_link_target=\u00a0\u00bb_self\u00a0\u00bb gradient_direction=\u00a0\u00bbleft_to_right\u00a0\u00bb overlay_strength=\u00a0\u00bb0.3&Prime; width=\u00a0\u00bb1\/1&Prime; tablet_width_inherit=\u00a0\u00bbdefault\u00a0\u00bb bg_image_animation=\u00a0\u00bbnone\u00a0\u00bb border_type=\u00a0\u00bbsimple\u00a0\u00bb column_border_width=\u00a0\u00bbnone\u00a0\u00bb column_border_style=\u00a0\u00bbsolid\u00a0\u00bb][vc_column_text css=\u00a0\u00bb.vc_custom_1648126506178{margin-top: -30px !important;}\u00a0\u00bb el_class=\u00a0\u00bbimagecaption\u00a0\u00bb]\n<h6>Un berger surveille son troupeau. Photo : Abel Peter.<\/h6>\n[\/vc_column_text][\/vc_column_inner][\/vc_row_inner][vc_column_text el_class=\u00a0\u00bbcasestudydetails\u00a0\u00bb css=\u00a0\u00bb.vc_custom_1648126433008{margin-top: 30px !important;border-top-width: 1px !important;padding-top: 12px !important;border-top-color: #000000 !important;border-top-style: solid !important;}\u00a0\u00bb]\n<h5><strong>Auteure\/Auteur<\/strong><\/h5>\n<ul>\n<li>L\u00e1szl\u00f3 S\u00e1fi\u00e1n, Berger, Hajd\u00fas\u00e1mson, Hungary<\/li>\n<li>Zsolt Moln\u00e1r, ethno\u00e9cologiste, MTA, Hungary<\/li>\n<\/ul>\n[\/vc_column_text][vc_column_text el_class=\u00a0\u00bbcasestudydetails\u00a0\u00bb css=\u00a0\u00bb.vc_custom_1648126453120{margin-top: 30px !important;border-top-width: 1px !important;padding-top: 12px !important;border-top-color: #000000 !important;border-top-style: solid !important;}\u00a0\u00bb]\n<h5><strong>\u00c9cosyst\u00e8mes<\/strong><\/h5>\n<ul>\n<li>Prairies et brousses<\/li>\n<\/ul>\n[\/vc_column_text][vc_column_text el_class=\u00a0\u00bbcasestudydetails\u00a0\u00bb css=\u00a0\u00bb.vc_custom_1648126464236{margin-top: 30px !important;border-top-width: 1px !important;padding-top: 12px !important;border-top-color: #000000 !important;border-top-style: solid !important;}\u00a0\u00bb]\n<h5><strong>Th\u00e8mes<\/strong><\/h5>\n<ul>\n<li>Savoirs, culture et spiritualit\u00e9<\/li>\n<\/ul>\n[\/vc_column_text][vc_column_text el_class=\u00a0\u00bbcasestudydetails\u00a0\u00bb css=\u00a0\u00bb.vc_custom_1648126471443{margin-top: 30px !important;border-top-width: 1px !important;padding-top: 12px !important;border-top-color: #000000 !important;border-top-style: solid !important;}\u00a0\u00bb]\n<h5><strong>Type<\/strong><\/h5>\n<ul>\n<li>Forme courte<\/li>\n<\/ul>\n[\/vc_column_text][vc_column_text el_class=\u00a0\u00bbcasestudydetails\u00a0\u00bb css=\u00a0\u00bb.vc_custom_1648126480149{margin-top: 30px !important;border-top-width: 1px !important;padding-top: 12px !important;border-top-color: #000000 !important;border-top-style: solid !important;}\u00a0\u00bb]\n<h5><strong>Date<\/strong><\/h5>\n<ul>\n<li>Cette \u00e9tude de cas fait partie de LBO-2, publi\u00e9 \u00e0 l&rsquo;origine en 2020.<\/li>\n<\/ul>\n[\/vc_column_text][\/vc_column][\/vc_row]\n","protected":false},"excerpt":{"rendered":"<p>En Hongrie, les gardes fauniques pour la conservation collaborent avec des bergers traditionnels \u00e0 la restauration et \u00e0 la conservation des p\u00e2turages.<\/p>\n","protected":false},"author":5,"featured_media":3502,"comment_status":"closed","ping_status":"closed","sticky":false,"template":"","format":"standard","meta":{"inline_featured_image":false,"_monsterinsights_skip_tracking":false,"_monsterinsights_sitenote_active":false,"_monsterinsights_sitenote_note":"","_monsterinsights_sitenote_category":0},"categories":[],"tags":[],"acf":[],"yoast_head":"<!-- This site is optimized with the Yoast SEO plugin v18.1 - https:\/\/yoast.com\/wordpress\/plugins\/seo\/ -->\n<title>Les bergers traditionnels sont n\u00e9ces- saires pour prot\u00e9ger la diversit\u00e9 biologique des prairies riches en esp\u00e8ces d\u2019Europe centrale - Local Biodiversity Outlooks<\/title>\n<meta name=\"description\" content=\"En Hongrie, les gardes fauniques pour la conservation collaborent avec des bergers traditionnels \u00e0 la restauration et \u00e0 la conservation des p\u00e2turages.\" \/>\n<meta name=\"robots\" content=\"index, follow, max-snippet:-1, max-image-preview:large, max-video-preview:-1\" \/>\n<link rel=\"canonical\" href=\"https:\/\/localbiodiversityoutlooks.net\/fr\/les-bergers-traditionnels-sont-neces-saires-pour-proteger-la-diversite-biologique-des-prairies-riches-en-especes-deurope-centrale\/\" \/>\n<meta property=\"og:locale\" content=\"fr_FR\" \/>\n<meta property=\"og:type\" content=\"article\" \/>\n<meta property=\"og:title\" content=\"Les bergers traditionnels sont n\u00e9ces- saires pour prot\u00e9ger la diversit\u00e9 biologique des prairies riches en esp\u00e8ces d\u2019Europe centrale - Local Biodiversity Outlooks\" \/>\n<meta property=\"og:description\" content=\"En Hongrie, les gardes fauniques pour la conservation collaborent avec des bergers traditionnels \u00e0 la restauration et \u00e0 la conservation des p\u00e2turages.\" \/>\n<meta property=\"og:url\" content=\"https:\/\/localbiodiversityoutlooks.net\/fr\/les-bergers-traditionnels-sont-neces-saires-pour-proteger-la-diversite-biologique-des-prairies-riches-en-especes-deurope-centrale\/\" \/>\n<meta property=\"og:site_name\" content=\"Local Biodiversity Outlooks\" \/>\n<meta property=\"article:published_time\" content=\"2022-03-24T13:08:15+00:00\" \/>\n<meta property=\"article:modified_time\" content=\"2022-03-24T14:49:14+00:00\" \/>\n<meta property=\"og:image\" content=\"https:\/\/localbiodiversityoutlooks.net\/wp-content\/uploads\/2021\/02\/07_Hungary_Molnar_Abel_Peter_Web-Ready_1110px_RGB.jpg\" \/>\n\t<meta property=\"og:image:width\" content=\"1110\" \/>\n\t<meta property=\"og:image:height\" content=\"678\" \/>\n\t<meta property=\"og:image:type\" content=\"image\/jpeg\" \/>\n<meta name=\"twitter:card\" content=\"summary_large_image\" \/>\n<script type=\"application\/ld+json\" class=\"yoast-schema-graph\">{\"@context\":\"https:\/\/schema.org\",\"@graph\":[{\"@type\":\"WebSite\",\"@id\":\"https:\/\/localbiodiversityoutlooks.net\/fr\/#website\",\"url\":\"https:\/\/localbiodiversityoutlooks.net\/fr\/\",\"name\":\"Local Biodiversity Outlooks\",\"description\":\"Les Perspectives Locales de la Diversit\u00e9 Biologique illustrent les points de vue et exp\u00e9riences des peuples autochtones et des communaut\u00e9s locales sur la crise socio-\u00e9cologique actuelle\",\"potentialAction\":[{\"@type\":\"SearchAction\",\"target\":{\"@type\":\"EntryPoint\",\"urlTemplate\":\"https:\/\/localbiodiversityoutlooks.net\/fr\/?s={search_term_string}\"},\"query-input\":\"required name=search_term_string\"}],\"inLanguage\":\"fr-FR\"},{\"@type\":\"ImageObject\",\"@id\":\"https:\/\/localbiodiversityoutlooks.net\/fr\/les-bergers-traditionnels-sont-neces-saires-pour-proteger-la-diversite-biologique-des-prairies-riches-en-especes-deurope-centrale\/#primaryimage\",\"inLanguage\":\"fr-FR\",\"url\":\"https:\/\/localbiodiversityoutlooks.net\/wp-content\/uploads\/2021\/02\/07_Hungary_Molnar_Abel_Peter_Web-Ready_1110px_RGB.jpg\",\"contentUrl\":\"https:\/\/localbiodiversityoutlooks.net\/wp-content\/uploads\/2021\/02\/07_Hungary_Molnar_Abel_Peter_Web-Ready_1110px_RGB.jpg\",\"width\":1110,\"height\":678,\"caption\":\"A shepherd watches his flock\"},{\"@type\":\"WebPage\",\"@id\":\"https:\/\/localbiodiversityoutlooks.net\/fr\/les-bergers-traditionnels-sont-neces-saires-pour-proteger-la-diversite-biologique-des-prairies-riches-en-especes-deurope-centrale\/#webpage\",\"url\":\"https:\/\/localbiodiversityoutlooks.net\/fr\/les-bergers-traditionnels-sont-neces-saires-pour-proteger-la-diversite-biologique-des-prairies-riches-en-especes-deurope-centrale\/\",\"name\":\"Les bergers traditionnels sont n\u00e9ces- saires pour prot\u00e9ger la diversit\u00e9 biologique des prairies riches en esp\u00e8ces d\u2019Europe centrale - Local Biodiversity Outlooks\",\"isPartOf\":{\"@id\":\"https:\/\/localbiodiversityoutlooks.net\/fr\/#website\"},\"primaryImageOfPage\":{\"@id\":\"https:\/\/localbiodiversityoutlooks.net\/fr\/les-bergers-traditionnels-sont-neces-saires-pour-proteger-la-diversite-biologique-des-prairies-riches-en-especes-deurope-centrale\/#primaryimage\"},\"datePublished\":\"2022-03-24T13:08:15+00:00\",\"dateModified\":\"2022-03-24T14:49:14+00:00\",\"author\":{\"@id\":\"https:\/\/localbiodiversityoutlooks.net\/fr\/#\/schema\/person\/45cd1ac6d51f5a361ea6be86a0288aff\"},\"description\":\"En Hongrie, les gardes fauniques pour la conservation collaborent avec des bergers traditionnels \u00e0 la restauration et \u00e0 la conservation des p\u00e2turages.\",\"breadcrumb\":{\"@id\":\"https:\/\/localbiodiversityoutlooks.net\/fr\/les-bergers-traditionnels-sont-neces-saires-pour-proteger-la-diversite-biologique-des-prairies-riches-en-especes-deurope-centrale\/#breadcrumb\"},\"inLanguage\":\"fr-FR\",\"potentialAction\":[{\"@type\":\"ReadAction\",\"target\":[\"https:\/\/localbiodiversityoutlooks.net\/fr\/les-bergers-traditionnels-sont-neces-saires-pour-proteger-la-diversite-biologique-des-prairies-riches-en-especes-deurope-centrale\/\"]}]},{\"@type\":\"BreadcrumbList\",\"@id\":\"https:\/\/localbiodiversityoutlooks.net\/fr\/les-bergers-traditionnels-sont-neces-saires-pour-proteger-la-diversite-biologique-des-prairies-riches-en-especes-deurope-centrale\/#breadcrumb\",\"itemListElement\":[{\"@type\":\"ListItem\",\"position\":1,\"name\":\"Home\",\"item\":\"https:\/\/localbiodiversityoutlooks.net\/fr\/domicile\/\"},{\"@type\":\"ListItem\",\"position\":2,\"name\":\"Les bergers traditionnels sont n\u00e9ces- saires pour prot\u00e9ger la diversit\u00e9 biologique des prairies riches en esp\u00e8ces d\u2019Europe centrale\"}]},{\"@type\":\"Person\",\"@id\":\"https:\/\/localbiodiversityoutlooks.net\/fr\/#\/schema\/person\/45cd1ac6d51f5a361ea6be86a0288aff\",\"name\":\"Forest Peoples Programme\",\"image\":{\"@type\":\"ImageObject\",\"@id\":\"https:\/\/localbiodiversityoutlooks.net\/fr\/#personlogo\",\"inLanguage\":\"fr-FR\",\"url\":\"https:\/\/secure.gravatar.com\/avatar\/cbd39c7d309c3c82e1cb2a022163ed19?s=96&d=mm&r=g\",\"contentUrl\":\"https:\/\/secure.gravatar.com\/avatar\/cbd39c7d309c3c82e1cb2a022163ed19?s=96&d=mm&r=g\",\"caption\":\"Forest Peoples Programme\"},\"url\":\"https:\/\/localbiodiversityoutlooks.net\/fr\/author\/forestpeoplesprogramme\/\"}]}<\/script>\n<!-- \/ Yoast SEO plugin. -->","yoast_head_json":{"title":"Les bergers traditionnels sont n\u00e9ces- saires pour prot\u00e9ger la diversit\u00e9 biologique des prairies riches en esp\u00e8ces d\u2019Europe centrale - Local Biodiversity Outlooks","description":"En Hongrie, les gardes fauniques pour la conservation collaborent avec des bergers traditionnels \u00e0 la restauration et \u00e0 la conservation des p\u00e2turages.","robots":{"index":"index","follow":"follow","max-snippet":"max-snippet:-1","max-image-preview":"max-image-preview:large","max-video-preview":"max-video-preview:-1"},"canonical":"https:\/\/localbiodiversityoutlooks.net\/fr\/les-bergers-traditionnels-sont-neces-saires-pour-proteger-la-diversite-biologique-des-prairies-riches-en-especes-deurope-centrale\/","og_locale":"fr_FR","og_type":"article","og_title":"Les bergers traditionnels sont n\u00e9ces- saires pour prot\u00e9ger la diversit\u00e9 biologique des prairies riches en esp\u00e8ces d\u2019Europe centrale - Local Biodiversity Outlooks","og_description":"En Hongrie, les gardes fauniques pour la conservation collaborent avec des bergers traditionnels \u00e0 la restauration et \u00e0 la conservation des p\u00e2turages.","og_url":"https:\/\/localbiodiversityoutlooks.net\/fr\/les-bergers-traditionnels-sont-neces-saires-pour-proteger-la-diversite-biologique-des-prairies-riches-en-especes-deurope-centrale\/","og_site_name":"Local Biodiversity Outlooks","article_published_time":"2022-03-24T13:08:15+00:00","article_modified_time":"2022-03-24T14:49:14+00:00","og_image":[{"width":1110,"height":678,"url":"https:\/\/localbiodiversityoutlooks.net\/wp-content\/uploads\/2021\/02\/07_Hungary_Molnar_Abel_Peter_Web-Ready_1110px_RGB.jpg","type":"image\/jpeg"}],"twitter_card":"summary_large_image","schema":{"@context":"https:\/\/schema.org","@graph":[{"@type":"WebSite","@id":"https:\/\/localbiodiversityoutlooks.net\/fr\/#website","url":"https:\/\/localbiodiversityoutlooks.net\/fr\/","name":"Local Biodiversity Outlooks","description":"Les Perspectives Locales de la Diversit\u00e9 Biologique illustrent les points de vue et exp\u00e9riences des peuples autochtones et des communaut\u00e9s locales sur la crise socio-\u00e9cologique actuelle","potentialAction":[{"@type":"SearchAction","target":{"@type":"EntryPoint","urlTemplate":"https:\/\/localbiodiversityoutlooks.net\/fr\/?s={search_term_string}"},"query-input":"required name=search_term_string"}],"inLanguage":"fr-FR"},{"@type":"ImageObject","@id":"https:\/\/localbiodiversityoutlooks.net\/fr\/les-bergers-traditionnels-sont-neces-saires-pour-proteger-la-diversite-biologique-des-prairies-riches-en-especes-deurope-centrale\/#primaryimage","inLanguage":"fr-FR","url":"https:\/\/localbiodiversityoutlooks.net\/wp-content\/uploads\/2021\/02\/07_Hungary_Molnar_Abel_Peter_Web-Ready_1110px_RGB.jpg","contentUrl":"https:\/\/localbiodiversityoutlooks.net\/wp-content\/uploads\/2021\/02\/07_Hungary_Molnar_Abel_Peter_Web-Ready_1110px_RGB.jpg","width":1110,"height":678,"caption":"A shepherd watches his flock"},{"@type":"WebPage","@id":"https:\/\/localbiodiversityoutlooks.net\/fr\/les-bergers-traditionnels-sont-neces-saires-pour-proteger-la-diversite-biologique-des-prairies-riches-en-especes-deurope-centrale\/#webpage","url":"https:\/\/localbiodiversityoutlooks.net\/fr\/les-bergers-traditionnels-sont-neces-saires-pour-proteger-la-diversite-biologique-des-prairies-riches-en-especes-deurope-centrale\/","name":"Les bergers traditionnels sont n\u00e9ces- saires pour prot\u00e9ger la diversit\u00e9 biologique des prairies riches en esp\u00e8ces d\u2019Europe centrale - Local Biodiversity Outlooks","isPartOf":{"@id":"https:\/\/localbiodiversityoutlooks.net\/fr\/#website"},"primaryImageOfPage":{"@id":"https:\/\/localbiodiversityoutlooks.net\/fr\/les-bergers-traditionnels-sont-neces-saires-pour-proteger-la-diversite-biologique-des-prairies-riches-en-especes-deurope-centrale\/#primaryimage"},"datePublished":"2022-03-24T13:08:15+00:00","dateModified":"2022-03-24T14:49:14+00:00","author":{"@id":"https:\/\/localbiodiversityoutlooks.net\/fr\/#\/schema\/person\/45cd1ac6d51f5a361ea6be86a0288aff"},"description":"En Hongrie, les gardes fauniques pour la conservation collaborent avec des bergers traditionnels \u00e0 la restauration et \u00e0 la conservation des p\u00e2turages.","breadcrumb":{"@id":"https:\/\/localbiodiversityoutlooks.net\/fr\/les-bergers-traditionnels-sont-neces-saires-pour-proteger-la-diversite-biologique-des-prairies-riches-en-especes-deurope-centrale\/#breadcrumb"},"inLanguage":"fr-FR","potentialAction":[{"@type":"ReadAction","target":["https:\/\/localbiodiversityoutlooks.net\/fr\/les-bergers-traditionnels-sont-neces-saires-pour-proteger-la-diversite-biologique-des-prairies-riches-en-especes-deurope-centrale\/"]}]},{"@type":"BreadcrumbList","@id":"https:\/\/localbiodiversityoutlooks.net\/fr\/les-bergers-traditionnels-sont-neces-saires-pour-proteger-la-diversite-biologique-des-prairies-riches-en-especes-deurope-centrale\/#breadcrumb","itemListElement":[{"@type":"ListItem","position":1,"name":"Home","item":"https:\/\/localbiodiversityoutlooks.net\/fr\/domicile\/"},{"@type":"ListItem","position":2,"name":"Les bergers traditionnels sont n\u00e9ces- saires pour prot\u00e9ger la diversit\u00e9 biologique des prairies riches en esp\u00e8ces d\u2019Europe centrale"}]},{"@type":"Person","@id":"https:\/\/localbiodiversityoutlooks.net\/fr\/#\/schema\/person\/45cd1ac6d51f5a361ea6be86a0288aff","name":"Forest Peoples Programme","image":{"@type":"ImageObject","@id":"https:\/\/localbiodiversityoutlooks.net\/fr\/#personlogo","inLanguage":"fr-FR","url":"https:\/\/secure.gravatar.com\/avatar\/cbd39c7d309c3c82e1cb2a022163ed19?s=96&d=mm&r=g","contentUrl":"https:\/\/secure.gravatar.com\/avatar\/cbd39c7d309c3c82e1cb2a022163ed19?s=96&d=mm&r=g","caption":"Forest Peoples Programme"},"url":"https:\/\/localbiodiversityoutlooks.net\/fr\/author\/forestpeoplesprogramme\/"}]}},"_links":{"self":[{"href":"https:\/\/localbiodiversityoutlooks.net\/fr\/wp-json\/wp\/v2\/posts\/3495"}],"collection":[{"href":"https:\/\/localbiodiversityoutlooks.net\/fr\/wp-json\/wp\/v2\/posts"}],"about":[{"href":"https:\/\/localbiodiversityoutlooks.net\/fr\/wp-json\/wp\/v2\/types\/post"}],"author":[{"embeddable":true,"href":"https:\/\/localbiodiversityoutlooks.net\/fr\/wp-json\/wp\/v2\/users\/5"}],"replies":[{"embeddable":true,"href":"https:\/\/localbiodiversityoutlooks.net\/fr\/wp-json\/wp\/v2\/comments?post=3495"}],"version-history":[{"count":5,"href":"https:\/\/localbiodiversityoutlooks.net\/fr\/wp-json\/wp\/v2\/posts\/3495\/revisions"}],"predecessor-version":[{"id":3506,"href":"https:\/\/localbiodiversityoutlooks.net\/fr\/wp-json\/wp\/v2\/posts\/3495\/revisions\/3506"}],"wp:featuredmedia":[{"embeddable":true,"href":"https:\/\/localbiodiversityoutlooks.net\/fr\/wp-json\/wp\/v2\/media\/3502"}],"wp:attachment":[{"href":"https:\/\/localbiodiversityoutlooks.net\/fr\/wp-json\/wp\/v2\/media?parent=3495"}],"wp:term":[{"taxonomy":"category","embeddable":true,"href":"https:\/\/localbiodiversityoutlooks.net\/fr\/wp-json\/wp\/v2\/categories?post=3495"},{"taxonomy":"post_tag","embeddable":true,"href":"https:\/\/localbiodiversityoutlooks.net\/fr\/wp-json\/wp\/v2\/tags?post=3495"}],"curies":[{"name":"wp","href":"https:\/\/api.w.org\/{rel}","templated":true}]}}